{"id":109,"date":"2020-06-13T16:06:31","date_gmt":"2020-06-13T16:06:31","guid":{"rendered":"http:\/\/philo-sophie.de\/?p=109"},"modified":"2020-06-13T16:09:38","modified_gmt":"2020-06-13T16:09:38","slug":"phlegmatiker","status":"publish","type":"post","link":"https:\/\/philo-sophie.de\/?p=109","title":{"rendered":"Phlegmatiker"},"content":{"rendered":"\n<p>Nie gut genug.<\/p>\n\n\n\n<p>Sein.<\/p>\n\n\n\n<p>Wer bin ich, dass ich dir Geh\u00f6r schenken w\u00fcrde?<\/p>\n\n\n\n<p>Ich bin es ja doch nicht wert.<\/p>\n\n\n\n<p>In deinen Augen der Feind.<\/p>\n\n\n\n<p>Feindliche Gesinnung meiner selbst.<\/p>\n\n\n\n<p>Ich nicht aber du.<\/p>\n\n\n\n<p>Du bist es, der mich in den Abgrund zieht.<\/p>\n\n\n\n<p>L\u00f6st ungute Gef\u00fchle in mir aus.<\/p>\n\n\n\n<p>Selbsts\u00fcchtig, verletzend.<\/p>\n\n\n\n<p>Die Genugtuung deiner Sph\u00e4ren.<\/p>\n\n\n\n<p>Phlegmatische Aura, die mich umgibt.<\/p>\n\n\n\n<p>Gef\u00fchlslose K\u00e4lte.<\/p>\n\n\n\n<p>Deiner Augen.<\/p>\n\n\n\n<p>Sie fixieren mich.<\/p>\n\n\n\n<p>Entw\u00fcrdigen meiner Selbst.<\/p>\n\n\n\n<p>Der Gehorsam ist mit der Angst verbunden, Eigenverantwortung\n\u00fcbernehmen zu m\u00fcssen.<\/p>\n\n\n\n<p>Ein Appell ans eigene Ich.<\/p>\n\n\n\n<p>Die Ungerechtigkeit als Pr\u00e4misse der Normalit\u00e4t.<\/p>\n\n\n\n<p>Genormter Fortschritt, der Lerneffekt aus Erfahrungen als Gewinn der Gesellschaft.<\/p>\n\n\n\n<p>Genormter Utilitarismus.<\/p>\n\n\n\n<p>Beinhaltet Grundprinzipien f\u00fcr das Wohlergehen aller.<\/p>\n\n\n\n<p>Der uneingeschr\u00e4nkte Nutzen und die optimale Deskription von Gl\u00fcck.<\/p>\n\n\n\n<p>Nimmst du mir.<\/p>\n\n\n\n<p>Den Zustand der Ohnmacht kollektiver Bequemlichkeit.<\/p>\n\n\n\n<p>Menschliche Erkenntnis als Realit\u00e4t scheinbarer Illusionen.<\/p>\n\n\n\n<p>Die Kontroverse deines Idealismus.<\/p>\n\n\n\n<p>Destruktiv.<\/p>\n\n\n\n<p>Restriktiv.<\/p>\n\n\n\n<p>Reduziert.<\/p>\n\n\n\n<p>Auf die Hermeneutik jenseits der Wahrheit.<\/p>\n\n\n\n<p>Als logische Konklusion deiner leeren Worte.<\/p>\n\n\n\n<p>Sprache ohne Inhalt.<\/p>\n\n\n\n<p>L\u00e4sst mich umherirren im Gewirr aus Verwirrungen.<\/p>\n\n\n\n<p>Unsere Probleme nur Resultate fragender Eliminierungen.<\/p>\n\n\n\n<p>Verlieren den Sinn der Behauptung.<\/p>\n\n\n\n<p>Fehlende Genauigkeit deiner Beweggr\u00fcnde m\u00fcnden in phlegmatischen\nThesen.<\/p>\n\n\n\n<p>Ich nehme die bestehenden Annahmen zur Kenntnis und\nhinterfrage sie nicht.<\/p>\n","protected":false},"excerpt":{"rendered":"<p>Nie gut genug. Sein. Wer bin ich, dass ich dir Geh\u00f6r schenken w\u00fcrde? Ich bin es ja doch nicht wert. In deinen Augen der Feind. Feindliche Gesinnung meiner selbst. Ich nicht aber du. Du bist es, der mich in den Abgrund zieht. L\u00f6st ungute Gef\u00fchle in mir aus. Selbsts\u00fcchtig, verletzend. Die Genugtuung deiner Sph\u00e4ren. Phlegmatische &hellip; <\/p>\n<p class=\"link-more\"><a href=\"https:\/\/philo-sophie.de\/?p=109\" class=\"more-link\"><span class=\"screen-reader-text\">\u201ePhlegmatiker\u201c <\/span>weiterlesen<\/a><\/p>\n","protected":false},"author":1,"featured_media":0,"comment_status":"open","ping_status":"open","sticky":false,"template":"","format":"standard","meta":{"footnotes":""},"categories":[4],"tags":[],"_links":{"self":[{"href":"https:\/\/philo-sophie.de\/index.php?rest_route=\/wp\/v2\/posts\/109"}],"collection":[{"href":"https:\/\/philo-sophie.de\/index.php?rest_route=\/wp\/v2\/posts"}],"about":[{"href":"https:\/\/philo-sophie.de\/index.php?rest_route=\/wp\/v2\/types\/post"}],"author":[{"embeddable":true,"href":"https:\/\/philo-sophie.de\/index.php?rest_route=\/wp\/v2\/users\/1"}],"replies":[{"embeddable":true,"href":"https:\/\/philo-sophie.de\/index.php?rest_route=%2Fwp%2Fv2%2Fcomments&post=109"}],"version-history":[{"count":2,"href":"https:\/\/philo-sophie.de\/index.php?rest_route=\/wp\/v2\/posts\/109\/revisions"}],"predecessor-version":[{"id":111,"href":"https:\/\/philo-sophie.de\/index.php?rest_route=\/wp\/v2\/posts\/109\/revisions\/111"}],"wp:attachment":[{"href":"https:\/\/philo-sophie.de\/index.php?rest_route=%2Fwp%2Fv2%2Fmedia&parent=109"}],"wp:term":[{"taxonomy":"category","embeddable":true,"href":"https:\/\/philo-sophie.de\/index.php?rest_route=%2Fwp%2Fv2%2Fcategories&post=109"},{"taxonomy":"post_tag","embeddable":true,"href":"https:\/\/philo-sophie.de\/index.php?rest_route=%2Fwp%2Fv2%2Ftags&post=109"}],"curies":[{"name":"wp","href":"https:\/\/api.w.org\/{rel}","templated":true}]}}