{"id":69,"date":"2020-05-13T13:30:34","date_gmt":"2020-05-13T13:30:34","guid":{"rendered":"http:\/\/philo-sophie.de\/?p=69"},"modified":"2020-05-13T13:30:34","modified_gmt":"2020-05-13T13:30:34","slug":"das-soll-philosophie-sein","status":"publish","type":"post","link":"https:\/\/philo-sophie.de\/?p=69","title":{"rendered":"Das soll Philosophie sein\u2026?!"},"content":{"rendered":"\n<p>Eine ohrenbet\u00e4ubende Stille.<\/p>\n\n\n\n<p>Durchdringt Gedankenstr\u00f6me.<\/p>\n\n\n\n<p>Fl\u00fcsse von Nervenimpulsen.<\/p>\n\n\n\n<p>Die unaufh\u00f6rlich, wiederkehrend, vehement den n\u00e4chsten Reiz\nausl\u00f6sen.<\/p>\n\n\n\n<p>Spiel der Emotionen, verwirrender Eindr\u00fccke, die vermeintliche\nZusammenh\u00e4nge zu verstehen erschweren.<\/p>\n\n\n\n<p>Unm\u00f6gliche Schlussfolgerungen, deren Gr\u00f6\u00dfe nicht einmal\nMarx, Nietzsche oder Kant erfassen k\u00f6nnten.<\/p>\n\n\n\n<p>Der \u201ekategorische Imperativ\u201c findet keine Anwendung in\nsolchen Konstrukten. <\/p>\n\n\n\n<p>Eine fehlende klare Linie, die entscheiden l\u00e4sst zwischen\nrichtig und falsch.<\/p>\n\n\n\n<p>Die Akkumulation von G\u00fctern, die den Geist tr\u00fcben l\u00e4sst.<\/p>\n\n\n\n<p>Tr\u00fcgerischer Nihilismus l\u00e4sst den Individualisten\nentw\u00fcrdigen.<\/p>\n\n\n\n<p>Die Positive als Stolperstein vom Sinn des Lebens.<\/p>\n\n\n\n<p>Sie n\u00f6tigt die Autonomie der Vernunft und l\u00e4sst Eigen\nexistenzlos erscheinen. <\/p>\n\n\n\n<p>DAS soll Philosophie erkl\u00e4ren k\u00f6nnen?!<\/p>\n\n\n\n<p>Als Profit der Gesellschaft etwa?<\/p>\n\n\n\n<p>Ein Widerspruch in sich selbst.<\/p>\n\n\n\n<p>Erkenntnis und Wissenschaft als Maxime der Kontr\u00e4ren.<\/p>\n\n\n\n<p>Die Perspektive der Ewigkeit aber bleibt ungekl\u00e4rt.<\/p>\n","protected":false},"excerpt":{"rendered":"<p>Eine ohrenbet\u00e4ubende Stille. Durchdringt Gedankenstr\u00f6me. Fl\u00fcsse von Nervenimpulsen. Die unaufh\u00f6rlich, wiederkehrend, vehement den n\u00e4chsten Reiz ausl\u00f6sen. Spiel der Emotionen, verwirrender Eindr\u00fccke, die vermeintliche Zusammenh\u00e4nge zu verstehen erschweren. Unm\u00f6gliche Schlussfolgerungen, deren Gr\u00f6\u00dfe nicht einmal Marx, Nietzsche oder Kant erfassen k\u00f6nnten. Der \u201ekategorische Imperativ\u201c findet keine Anwendung in solchen Konstrukten. Eine fehlende klare Linie, die entscheiden l\u00e4sst &hellip; <\/p>\n<p class=\"link-more\"><a href=\"https:\/\/philo-sophie.de\/?p=69\" class=\"more-link\"><span class=\"screen-reader-text\">\u201eDas soll Philosophie sein\u2026?!\u201c <\/span>weiterlesen<\/a><\/p>\n","protected":false},"author":1,"featured_media":0,"comment_status":"open","ping_status":"open","sticky":false,"template":"","format":"standard","meta":{"footnotes":""},"categories":[4],"tags":[],"_links":{"self":[{"href":"https:\/\/philo-sophie.de\/index.php?rest_route=\/wp\/v2\/posts\/69"}],"collection":[{"href":"https:\/\/philo-sophie.de\/index.php?rest_route=\/wp\/v2\/posts"}],"about":[{"href":"https:\/\/philo-sophie.de\/index.php?rest_route=\/wp\/v2\/types\/post"}],"author":[{"embeddable":true,"href":"https:\/\/philo-sophie.de\/index.php?rest_route=\/wp\/v2\/users\/1"}],"replies":[{"embeddable":true,"href":"https:\/\/philo-sophie.de\/index.php?rest_route=%2Fwp%2Fv2%2Fcomments&post=69"}],"version-history":[{"count":1,"href":"https:\/\/philo-sophie.de\/index.php?rest_route=\/wp\/v2\/posts\/69\/revisions"}],"predecessor-version":[{"id":70,"href":"https:\/\/philo-sophie.de\/index.php?rest_route=\/wp\/v2\/posts\/69\/revisions\/70"}],"wp:attachment":[{"href":"https:\/\/philo-sophie.de\/index.php?rest_route=%2Fwp%2Fv2%2Fmedia&parent=69"}],"wp:term":[{"taxonomy":"category","embeddable":true,"href":"https:\/\/philo-sophie.de\/index.php?rest_route=%2Fwp%2Fv2%2Fcategories&post=69"},{"taxonomy":"post_tag","embeddable":true,"href":"https:\/\/philo-sophie.de\/index.php?rest_route=%2Fwp%2Fv2%2Ftags&post=69"}],"curies":[{"name":"wp","href":"https:\/\/api.w.org\/{rel}","templated":true}]}}